{"id":318,"date":"2023-03-02T15:52:25","date_gmt":"2023-03-02T15:52:25","guid":{"rendered":"https:\/\/sv-wandersleben.de\/?p=318"},"modified":"2023-03-02T15:52:25","modified_gmt":"2023-03-02T15:52:25","slug":"svw-volleyballturnier-2023","status":"publish","type":"post","link":"http:\/\/sv-wandersleben.de\/?p=318","title":{"rendered":"SVW-Volleyballturnier 2023"},"content":{"rendered":"\n<p>Am 23.02.2023 fand in unsere Sporthalle in Wandersleben das traditionelle SVW-Volleyballturnier statt. Insgesamt waren 6 Mannschaften dabei, neben 3 Wandersleber Mannschaften war jeweils noch ein Team aus Bittst\u00e4dt, M\u00fchlberg sowie Ingersleben vertreten. Die Platzierung der ersten 3 Pl\u00e4tze:<\/p>\n\n\n\n<ol class=\"wp-block-list\">\n<li>M\u00fchlberg<\/li>\n\n\n\n<li>Wandersleben<\/li>\n\n\n\n<li>Ingersleben<\/li>\n<\/ol>\n\n\n\n<p>Wir gratulieren den Gewinnern und freuen uns schon aufs n\u00e4chste Mal.<\/p>\n\n\n\n<p><\/p>\n\n\n\n<figure class=\"wp-block-gallery has-nested-images columns-default is-cropped wp-block-gallery-1 is-layout-flex wp-block-gallery-is-layout-flex\">\n<figure class=\"wp-block-image size-large\"><img loading=\"lazy\" decoding=\"async\" width=\"1024\" height=\"577\" data-id=\"305\" src=\"https:\/\/sv-wandersleben.de\/wp-content\/uploads\/2023\/03\/DSC_1043-1024x577.jpg\" alt=\"\" class=\"wp-image-305\" srcset=\"http:\/\/sv-wandersleben.de\/wp-content\/uploads\/2023\/03\/DSC_1043-1024x577.jpg 1024w, http:\/\/sv-wandersleben.de\/wp-content\/uploads\/2023\/03\/DSC_1043-300x169.jpg 300w, http:\/\/sv-wandersleben.de\/wp-content\/uploads\/2023\/03\/DSC_1043-768x433.jpg 768w, http:\/\/sv-wandersleben.de\/wp-content\/uploads\/2023\/03\/DSC_1043-1536x865.jpg 1536w, http:\/\/sv-wandersleben.de\/wp-content\/uploads\/2023\/03\/DSC_1043-900x507.jpg 900w, http:\/\/sv-wandersleben.de\/wp-content\/uploads\/2023\/03\/DSC_1043-1280x721.jpg 1280w, http:\/\/sv-wandersleben.de\/wp-content\/uploads\/2023\/03\/DSC_1043.jpg 1596w\" sizes=\"auto, (max-width: 1024px) 100vw, 1024px\" \/><\/figure>\n\n\n\n<figure class=\"wp-block-image size-large\"><img loading=\"lazy\" decoding=\"async\" width=\"1024\" height=\"577\" data-id=\"306\" src=\"https:\/\/sv-wandersleben.de\/wp-content\/uploads\/2023\/03\/DSC_1044-1024x577.jpg\" alt=\"\" class=\"wp-image-306\" srcset=\"http:\/\/sv-wandersleben.de\/wp-content\/uploads\/2023\/03\/DSC_1044-1024x577.jpg 1024w, http:\/\/sv-wandersleben.de\/wp-content\/uploads\/2023\/03\/DSC_1044-300x169.jpg 300w, http:\/\/sv-wandersleben.de\/wp-content\/uploads\/2023\/03\/DSC_1044-768x433.jpg 768w, http:\/\/sv-wandersleben.de\/wp-content\/uploads\/2023\/03\/DSC_1044-1536x865.jpg 1536w, http:\/\/sv-wandersleben.de\/wp-content\/uploads\/2023\/03\/DSC_1044-900x507.jpg 900w, http:\/\/sv-wandersleben.de\/wp-content\/uploads\/2023\/03\/DSC_1044-1280x721.jpg 1280w, http:\/\/sv-wandersleben.de\/wp-content\/uploads\/2023\/03\/DSC_1044.jpg 1596w\" sizes=\"auto, (max-width: 1024px) 100vw, 1024px\" \/><\/figure>\n\n\n\n<figure class=\"wp-block-image size-large\"><img loading=\"lazy\" decoding=\"async\" width=\"1024\" height=\"577\" data-id=\"307\" src=\"https:\/\/sv-wandersleben.de\/wp-content\/uploads\/2023\/03\/DSC_1046-1024x577.jpg\" alt=\"\" class=\"wp-image-307\" srcset=\"http:\/\/sv-wandersleben.de\/wp-content\/uploads\/2023\/03\/DSC_1046-1024x577.jpg 1024w, http:\/\/sv-wandersleben.de\/wp-content\/uploads\/2023\/03\/DSC_1046-300x169.jpg 300w, http:\/\/sv-wandersleben.de\/wp-content\/uploads\/2023\/03\/DSC_1046-768x433.jpg 768w, http:\/\/sv-wandersleben.de\/wp-content\/uploads\/2023\/03\/DSC_1046-1536x865.jpg 1536w, http:\/\/sv-wandersleben.de\/wp-content\/uploads\/2023\/03\/DSC_1046-900x507.jpg 900w, http:\/\/sv-wandersleben.de\/wp-content\/uploads\/2023\/03\/DSC_1046-1280x721.jpg 1280w, http:\/\/sv-wandersleben.de\/wp-content\/uploads\/2023\/03\/DSC_1046.jpg 1596w\" sizes=\"auto, (max-width: 1024px) 100vw, 1024px\" \/><\/figure>\n\n\n\n<figure class=\"wp-block-image size-large\"><img loading=\"lazy\" decoding=\"async\" width=\"1024\" height=\"577\" data-id=\"316\" src=\"https:\/\/sv-wandersleben.de\/wp-content\/uploads\/2023\/03\/DSC_1056-1024x577.jpg\" alt=\"\" class=\"wp-image-316\" srcset=\"http:\/\/sv-wandersleben.de\/wp-content\/uploads\/2023\/03\/DSC_1056-1024x577.jpg 1024w, http:\/\/sv-wandersleben.de\/wp-content\/uploads\/2023\/03\/DSC_1056-300x169.jpg 300w, http:\/\/sv-wandersleben.de\/wp-content\/uploads\/2023\/03\/DSC_1056-768x433.jpg 768w, http:\/\/sv-wandersleben.de\/wp-content\/uploads\/2023\/03\/DSC_1056-1536x865.jpg 1536w, http:\/\/sv-wandersleben.de\/wp-content\/uploads\/2023\/03\/DSC_1056-900x507.jpg 900w, http:\/\/sv-wandersleben.de\/wp-content\/uploads\/2023\/03\/DSC_1056-1280x721.jpg 1280w, http:\/\/sv-wandersleben.de\/wp-content\/uploads\/2023\/03\/DSC_1056.jpg 1596w\" sizes=\"auto, (max-width: 1024px) 100vw, 1024px\" \/><\/figure>\n\n\n\n<figure class=\"wp-block-image size-large\"><img loading=\"lazy\" decoding=\"async\" width=\"1024\" height=\"577\" data-id=\"315\" src=\"https:\/\/sv-wandersleben.de\/wp-content\/uploads\/2023\/03\/DSC_1055-1024x577.jpg\" alt=\"\" class=\"wp-image-315\" srcset=\"http:\/\/sv-wandersleben.de\/wp-content\/uploads\/2023\/03\/DSC_1055-1024x577.jpg 1024w, http:\/\/sv-wandersleben.de\/wp-content\/uploads\/2023\/03\/DSC_1055-300x169.jpg 300w, http:\/\/sv-wandersleben.de\/wp-content\/uploads\/2023\/03\/DSC_1055-768x433.jpg 768w, http:\/\/sv-wandersleben.de\/wp-content\/uploads\/2023\/03\/DSC_1055-1536x865.jpg 1536w, http:\/\/sv-wandersleben.de\/wp-content\/uploads\/2023\/03\/DSC_1055-900x507.jpg 900w, http:\/\/sv-wandersleben.de\/wp-content\/uploads\/2023\/03\/DSC_1055-1280x721.jpg 1280w, http:\/\/sv-wandersleben.de\/wp-content\/uploads\/2023\/03\/DSC_1055.jpg 1596w\" sizes=\"auto, (max-width: 1024px) 100vw, 1024px\" \/><\/figure>\n\n\n\n<figure class=\"wp-block-image size-large\"><img loading=\"lazy\" decoding=\"async\" width=\"1024\" height=\"577\" data-id=\"314\" src=\"https:\/\/sv-wandersleben.de\/wp-content\/uploads\/2023\/03\/DSC_1054-1024x577.jpg\" alt=\"\" class=\"wp-image-314\" srcset=\"http:\/\/sv-wandersleben.de\/wp-content\/uploads\/2023\/03\/DSC_1054-1024x577.jpg 1024w, http:\/\/sv-wandersleben.de\/wp-content\/uploads\/2023\/03\/DSC_1054-300x169.jpg 300w, http:\/\/sv-wandersleben.de\/wp-content\/uploads\/2023\/03\/DSC_1054-768x433.jpg 768w, http:\/\/sv-wandersleben.de\/wp-content\/uploads\/2023\/03\/DSC_1054-1536x865.jpg 1536w, http:\/\/sv-wandersleben.de\/wp-content\/uploads\/2023\/03\/DSC_1054-900x507.jpg 900w, http:\/\/sv-wandersleben.de\/wp-content\/uploads\/2023\/03\/DSC_1054-1280x721.jpg 1280w, http:\/\/sv-wandersleben.de\/wp-content\/uploads\/2023\/03\/DSC_1054.jpg 1596w\" sizes=\"auto, (max-width: 1024px) 100vw, 1024px\" \/><\/figure>\n\n\n\n<figure class=\"wp-block-image size-large\"><img loading=\"lazy\" decoding=\"async\" width=\"1024\" height=\"577\" data-id=\"313\" src=\"https:\/\/sv-wandersleben.de\/wp-content\/uploads\/2023\/03\/DSC_1053-1024x577.jpg\" alt=\"\" class=\"wp-image-313\" srcset=\"http:\/\/sv-wandersleben.de\/wp-content\/uploads\/2023\/03\/DSC_1053-1024x577.jpg 1024w, http:\/\/sv-wandersleben.de\/wp-content\/uploads\/2023\/03\/DSC_1053-300x169.jpg 300w, http:\/\/sv-wandersleben.de\/wp-content\/uploads\/2023\/03\/DSC_1053-768x433.jpg 768w, http:\/\/sv-wandersleben.de\/wp-content\/uploads\/2023\/03\/DSC_1053-1536x865.jpg 1536w, http:\/\/sv-wandersleben.de\/wp-content\/uploads\/2023\/03\/DSC_1053-900x507.jpg 900w, http:\/\/sv-wandersleben.de\/wp-content\/uploads\/2023\/03\/DSC_1053-1280x721.jpg 1280w, http:\/\/sv-wandersleben.de\/wp-content\/uploads\/2023\/03\/DSC_1053.jpg 1596w\" sizes=\"auto, (max-width: 1024px) 100vw, 1024px\" \/><\/figure>\n\n\n\n<figure class=\"wp-block-image size-large\"><img loading=\"lazy\" decoding=\"async\" width=\"1024\" height=\"577\" data-id=\"312\" src=\"https:\/\/sv-wandersleben.de\/wp-content\/uploads\/2023\/03\/DSC_1052-1024x577.jpg\" alt=\"\" class=\"wp-image-312\" srcset=\"http:\/\/sv-wandersleben.de\/wp-content\/uploads\/2023\/03\/DSC_1052-1024x577.jpg 1024w, http:\/\/sv-wandersleben.de\/wp-content\/uploads\/2023\/03\/DSC_1052-300x169.jpg 300w, http:\/\/sv-wandersleben.de\/wp-content\/uploads\/2023\/03\/DSC_1052-768x433.jpg 768w, http:\/\/sv-wandersleben.de\/wp-content\/uploads\/2023\/03\/DSC_1052-1536x865.jpg 1536w, http:\/\/sv-wandersleben.de\/wp-content\/uploads\/2023\/03\/DSC_1052-900x507.jpg 900w, http:\/\/sv-wandersleben.de\/wp-content\/uploads\/2023\/03\/DSC_1052-1280x721.jpg 1280w, http:\/\/sv-wandersleben.de\/wp-content\/uploads\/2023\/03\/DSC_1052.jpg 1596w\" sizes=\"auto, (max-width: 1024px) 100vw, 1024px\" \/><\/figure>\n\n\n\n<figure class=\"wp-block-image size-large\"><img loading=\"lazy\" decoding=\"async\" width=\"1024\" height=\"577\" data-id=\"311\" src=\"https:\/\/sv-wandersleben.de\/wp-content\/uploads\/2023\/03\/DSC_1051-1024x577.jpg\" alt=\"\" class=\"wp-image-311\" srcset=\"http:\/\/sv-wandersleben.de\/wp-content\/uploads\/2023\/03\/DSC_1051-1024x577.jpg 1024w, http:\/\/sv-wandersleben.de\/wp-content\/uploads\/2023\/03\/DSC_1051-300x169.jpg 300w, http:\/\/sv-wandersleben.de\/wp-content\/uploads\/2023\/03\/DSC_1051-768x433.jpg 768w, http:\/\/sv-wandersleben.de\/wp-content\/uploads\/2023\/03\/DSC_1051-1536x865.jpg 1536w, http:\/\/sv-wandersleben.de\/wp-content\/uploads\/2023\/03\/DSC_1051-900x507.jpg 900w, http:\/\/sv-wandersleben.de\/wp-content\/uploads\/2023\/03\/DSC_1051-1280x721.jpg 1280w, http:\/\/sv-wandersleben.de\/wp-content\/uploads\/2023\/03\/DSC_1051.jpg 1596w\" sizes=\"auto, (max-width: 1024px) 100vw, 1024px\" \/><\/figure>\n\n\n\n<figure class=\"wp-block-image size-large\"><img loading=\"lazy\" decoding=\"async\" width=\"1024\" height=\"577\" data-id=\"308\" src=\"https:\/\/sv-wandersleben.de\/wp-content\/uploads\/2023\/03\/DSC_1048-1024x577.jpg\" alt=\"\" class=\"wp-image-308\" srcset=\"http:\/\/sv-wandersleben.de\/wp-content\/uploads\/2023\/03\/DSC_1048-1024x577.jpg 1024w, http:\/\/sv-wandersleben.de\/wp-content\/uploads\/2023\/03\/DSC_1048-300x169.jpg 300w, http:\/\/sv-wandersleben.de\/wp-content\/uploads\/2023\/03\/DSC_1048-768x433.jpg 768w, http:\/\/sv-wandersleben.de\/wp-content\/uploads\/2023\/03\/DSC_1048-1536x865.jpg 1536w, http:\/\/sv-wandersleben.de\/wp-content\/uploads\/2023\/03\/DSC_1048-900x507.jpg 900w, http:\/\/sv-wandersleben.de\/wp-content\/uploads\/2023\/03\/DSC_1048-1280x721.jpg 1280w, http:\/\/sv-wandersleben.de\/wp-content\/uploads\/2023\/03\/DSC_1048.jpg 1596w\" sizes=\"auto, (max-width: 1024px) 100vw, 1024px\" \/><\/figure>\n\n\n\n<figure class=\"wp-block-image size-large\"><img loading=\"lazy\" decoding=\"async\" width=\"1024\" height=\"577\" data-id=\"309\" src=\"https:\/\/sv-wandersleben.de\/wp-content\/uploads\/2023\/03\/DSC_1049-1024x577.jpg\" alt=\"\" class=\"wp-image-309\" srcset=\"http:\/\/sv-wandersleben.de\/wp-content\/uploads\/2023\/03\/DSC_1049-1024x577.jpg 1024w, http:\/\/sv-wandersleben.de\/wp-content\/uploads\/2023\/03\/DSC_1049-300x169.jpg 300w, http:\/\/sv-wandersleben.de\/wp-content\/uploads\/2023\/03\/DSC_1049-768x433.jpg 768w, http:\/\/sv-wandersleben.de\/wp-content\/uploads\/2023\/03\/DSC_1049-1536x865.jpg 1536w, http:\/\/sv-wandersleben.de\/wp-content\/uploads\/2023\/03\/DSC_1049-900x507.jpg 900w, http:\/\/sv-wandersleben.de\/wp-content\/uploads\/2023\/03\/DSC_1049-1280x721.jpg 1280w, http:\/\/sv-wandersleben.de\/wp-content\/uploads\/2023\/03\/DSC_1049.jpg 1596w\" sizes=\"auto, (max-width: 1024px) 100vw, 1024px\" \/><\/figure>\n\n\n\n<figure class=\"wp-block-image size-large\"><img loading=\"lazy\" decoding=\"async\" width=\"1024\" height=\"577\" data-id=\"310\" src=\"https:\/\/sv-wandersleben.de\/wp-content\/uploads\/2023\/03\/DSC_1050-1024x577.jpg\" alt=\"\" class=\"wp-image-310\" srcset=\"http:\/\/sv-wandersleben.de\/wp-content\/uploads\/2023\/03\/DSC_1050-1024x577.jpg 1024w, http:\/\/sv-wandersleben.de\/wp-content\/uploads\/2023\/03\/DSC_1050-300x169.jpg 300w, http:\/\/sv-wandersleben.de\/wp-content\/uploads\/2023\/03\/DSC_1050-768x433.jpg 768w, http:\/\/sv-wandersleben.de\/wp-content\/uploads\/2023\/03\/DSC_1050-1536x865.jpg 1536w, http:\/\/sv-wandersleben.de\/wp-content\/uploads\/2023\/03\/DSC_1050-900x507.jpg 900w, http:\/\/sv-wandersleben.de\/wp-content\/uploads\/2023\/03\/DSC_1050-1280x721.jpg 1280w, http:\/\/sv-wandersleben.de\/wp-content\/uploads\/2023\/03\/DSC_1050.jpg 1596w\" sizes=\"auto, (max-width: 1024px) 100vw, 1024px\" \/><\/figure>\n\n\n\n<figure class=\"wp-block-image size-large\"><img loading=\"lazy\" decoding=\"async\" width=\"1024\" height=\"577\" data-id=\"304\" src=\"https:\/\/sv-wandersleben.de\/wp-content\/uploads\/2023\/03\/DSC_1042-1024x577.jpg\" alt=\"\" class=\"wp-image-304\" srcset=\"http:\/\/sv-wandersleben.de\/wp-content\/uploads\/2023\/03\/DSC_1042-1024x577.jpg 1024w, http:\/\/sv-wandersleben.de\/wp-content\/uploads\/2023\/03\/DSC_1042-300x169.jpg 300w, http:\/\/sv-wandersleben.de\/wp-content\/uploads\/2023\/03\/DSC_1042-768x433.jpg 768w, http:\/\/sv-wandersleben.de\/wp-content\/uploads\/2023\/03\/DSC_1042-1536x865.jpg 1536w, http:\/\/sv-wandersleben.de\/wp-content\/uploads\/2023\/03\/DSC_1042-900x507.jpg 900w, http:\/\/sv-wandersleben.de\/wp-content\/uploads\/2023\/03\/DSC_1042-1280x721.jpg 1280w, http:\/\/sv-wandersleben.de\/wp-content\/uploads\/2023\/03\/DSC_1042.jpg 1596w\" sizes=\"auto, (max-width: 1024px) 100vw, 1024px\" \/><\/figure>\n<\/figure>\n","protected":false},"excerpt":{"rendered":"<p>Am 23.02.2023 fand in unsere Sporthalle in Wandersleben das traditionelle SVW-Volleyballturnier statt. Insgesamt waren 6 Mannschaften dabei, neben 3 Wandersleber Mannschaften war jeweils noch ein Team aus Bittst\u00e4dt, M\u00fchlberg sowie Ingersleben vertreten. Die Platzierung der ersten 3 Pl\u00e4tze: Wir gratulieren den Gewinnern und freuen uns schon aufs n\u00e4chste Mal.<\/p>\n","protected":false},"author":1,"featured_media":0,"comment_status":"open","ping_status":"open","sticky":false,"template":"","format":"standard","meta":{"footnotes":""},"categories":[1],"tags":[],"class_list":["post-318","post","type-post","status-publish","format-standard","hentry","category-uncategorized"],"_links":{"self":[{"href":"http:\/\/sv-wandersleben.de\/index.php?rest_route=\/wp\/v2\/posts\/318","targetHints":{"allow":["GET"]}}],"collection":[{"href":"http:\/\/sv-wandersleben.de\/index.php?rest_route=\/wp\/v2\/posts"}],"about":[{"href":"http:\/\/sv-wandersleben.de\/index.php?rest_route=\/wp\/v2\/types\/post"}],"author":[{"embeddable":true,"href":"http:\/\/sv-wandersleben.de\/index.php?rest_route=\/wp\/v2\/users\/1"}],"replies":[{"embeddable":true,"href":"http:\/\/sv-wandersleben.de\/index.php?rest_route=%2Fwp%2Fv2%2Fcomments&post=318"}],"version-history":[{"count":1,"href":"http:\/\/sv-wandersleben.de\/index.php?rest_route=\/wp\/v2\/posts\/318\/revisions"}],"predecessor-version":[{"id":319,"href":"http:\/\/sv-wandersleben.de\/index.php?rest_route=\/wp\/v2\/posts\/318\/revisions\/319"}],"wp:attachment":[{"href":"http:\/\/sv-wandersleben.de\/index.php?rest_route=%2Fwp%2Fv2%2Fmedia&parent=318"}],"wp:term":[{"taxonomy":"category","embeddable":true,"href":"http:\/\/sv-wandersleben.de\/index.php?rest_route=%2Fwp%2Fv2%2Fcategories&post=318"},{"taxonomy":"post_tag","embeddable":true,"href":"http:\/\/sv-wandersleben.de\/index.php?rest_route=%2Fwp%2Fv2%2Ftags&post=318"}],"curies":[{"name":"wp","href":"https:\/\/api.w.org\/{rel}","templated":true}]}}