{"id":411,"date":"2024-08-09T14:08:05","date_gmt":"2024-08-09T14:08:05","guid":{"rendered":"https:\/\/sv-wandersleben.de\/?p=411"},"modified":"2024-08-09T14:08:05","modified_gmt":"2024-08-09T14:08:05","slug":"bericht-der-abteilung-kegeln-juli-2024","status":"publish","type":"post","link":"http:\/\/sv-wandersleben.de\/?p=411","title":{"rendered":"Bericht der Abteilung Kegeln &#8211; Juli 2024"},"content":{"rendered":"\n<figure class=\"wp-block-gallery aligncenter has-nested-images columns-default is-cropped wp-block-gallery-1 is-layout-flex wp-block-gallery-is-layout-flex\">\n<figure class=\"wp-block-image size-large\"><img loading=\"lazy\" decoding=\"async\" width=\"640\" height=\"480\" data-id=\"408\" src=\"https:\/\/sv-wandersleben.de\/wp-content\/uploads\/2024\/08\/PHOTO-2024-05-26-11-26-35.jpg\" alt=\"\" class=\"wp-image-408\" srcset=\"http:\/\/sv-wandersleben.de\/wp-content\/uploads\/2024\/08\/PHOTO-2024-05-26-11-26-35.jpg 640w, http:\/\/sv-wandersleben.de\/wp-content\/uploads\/2024\/08\/PHOTO-2024-05-26-11-26-35-300x225.jpg 300w\" sizes=\"auto, (max-width: 640px) 100vw, 640px\" \/><\/figure>\n<\/figure>\n\n\n\n<p>Mit viel Freude k\u00f6nnen wir von einem sehr sch\u00f6nen Erfolg von Winfried M\u00f6ller bei den Landeseinzelmeisterschaften der Senioren-Kegler in Kromsdorf berichten.\u00a0 Sein lang ersehntes Ziel, einmal die 600 Holz in einem Durchgang zu knacken, konnte er im 1. Durchgang mit 603 Holz genau zum richtigen Zeitpunkt erzielen. Im 2. Durchgang waren es dann noch einmal 542 Holz und somit 1145 Holz holte er sich den Titel klar vor dem Rudolst\u00e4dter Siegfried Zippendorf und Reinhard Steiner von Steinach f\u00fcr Wandersleben. Bei den Deutschen Einzelmeisterschaften in Weinheim konnte Winfried den 12. Platz erzielen. Winfried konnte schon als Gastkegler bei SV Eintracht Boilst\u00e4dt vor 10 Jahren Deutscher Mannschaftsmeister werden.<\/p>\n\n\n\n<figure class=\"wp-block-image size-full\"><img loading=\"lazy\" decoding=\"async\" width=\"720\" height=\"650\" src=\"https:\/\/sv-wandersleben.de\/wp-content\/uploads\/2024\/08\/PHOTO-2024-05-10-20-37-11-1.jpg\" alt=\"\" class=\"wp-image-412\" srcset=\"http:\/\/sv-wandersleben.de\/wp-content\/uploads\/2024\/08\/PHOTO-2024-05-10-20-37-11-1.jpg 720w, http:\/\/sv-wandersleben.de\/wp-content\/uploads\/2024\/08\/PHOTO-2024-05-10-20-37-11-1-300x271.jpg 300w\" sizes=\"auto, (max-width: 720px) 100vw, 720px\" \/><\/figure>\n\n\n\n<p>Unsere jugendlichen Sch\u00fctzlinge Leticia Fritsch und Marie Nicolai belegten bei der Landeseinzelmeisterschaft in R\u00f6mhild den 8. und 9. Platz. Aber sie waren in der Jugend Kreisauswahl Gotha sehr erfolgreich; im Land Th\u00fcringen Platz 2 und dann bei den Deutschen Mannschaftsmeisterschaften in M\u00fcnchen Platz 4, der Platz 3 wurde um 14 Holz verpasst. Als Jugendmannschaft in der Kreisliga erk\u00e4mpften sie sich Platz 3. Anerkennungswert ist, dass Leticia bei der Einzelwertung in der Kreisliga Platz 1 und Marie Platz 4 belegte.<\/p>\n\n\n\n<p>Auch unsere 2. Mannschaft (gemischt weibl. + m\u00e4nnlich) hat in der Regionalklasse den 3. Platz belegt mit viel Luft nach oben. Wir haben hier unsere Mannschaft mit zwei neuen Spielern erg\u00e4nzt; Sebastian Postel und Oliver Geerken \u2013 herzlich willkommen.<\/p>\n\n\n\n<p>Zusammengefasst ist zu sagen, dass die Abteilung Kegel in der Saison 2023\/24 ein St\u00fcck mehr Wandersleben bekannt und stolz gemacht hat. Auch wenn es uns noch immer nicht gelingt, mehr f\u00fcr den Nachwuchs zu erreichen, hier sind uns die anderen Abteilungen des SV Wandersleben ein St\u00fcck voraus.<\/p>\n\n\n\n<p>Nun zu etwas Aktuellem: Winfried M\u00f6ller, Schatzmeister des SV Wandersleben, \u00fcbergibt nach 10 Jahren T\u00e4tigkeit an Mandy Kurzer-M\u00f6ller. Er bedankt sich bei allen Sportlern des SV Wandersleben f\u00fcr das Vertrauen und w\u00fcnscht Mandy viel Erfolg und ein gl\u00fcckliches H\u00e4ndchen. Wir, die Sportler des SV Wandersleben, bedanken uns f\u00fcr seine sehr gute Arbeit und w\u00fcnschen Ihn f\u00fcr die Zukunft alles erdenklich Gute und viel Gesundheit mit seiner Familie sowie in seiner \u201eKegelfamilie\u201c, f\u00fcr die er sich weiterhin engagiert.<\/p>\n\n\n\n<p>W. Thron (Pressesprecher)\u00a0\u00a0\u00a0\u00a0\u00a0\u00a0\u00a0\u00a0\u00a0\u00a0\u00a0\u00a0\u00a0\u00a0\u00a0\u00a0\u00a0\u00a0\u00a0\u00a0\u00a0\u00a0\u00a0\u00a0\u00a0\u00a0\u00a0\u00a0\u00a0\u00a0\u00a0\u00a0\u00a0\u00a0\u00a0\u00a0\u00a0\u00a0\u00a0\u00a0\u00a0\u00a0\u00a0\u00a0\u00a0\u00a0\u00a0\u00a0G. Held (Trainer)<\/p>\n\n\n\n<p>Bericht war auch im Burgen-Blick zu sehen<\/p>\n\n\n\n<figure class=\"wp-block-image size-large\"><img loading=\"lazy\" decoding=\"async\" width=\"768\" height=\"1024\" src=\"http:\/\/sv-wandersleben.de\/wp-content\/uploads\/2024\/08\/Polish_20240808_161818794-768x1024.jpg\" alt=\"\" class=\"wp-image-409\" srcset=\"http:\/\/sv-wandersleben.de\/wp-content\/uploads\/2024\/08\/Polish_20240808_161818794-768x1024.jpg 768w, http:\/\/sv-wandersleben.de\/wp-content\/uploads\/2024\/08\/Polish_20240808_161818794-225x300.jpg 225w, http:\/\/sv-wandersleben.de\/wp-content\/uploads\/2024\/08\/Polish_20240808_161818794-1152x1536.jpg 1152w, http:\/\/sv-wandersleben.de\/wp-content\/uploads\/2024\/08\/Polish_20240808_161818794-1537x2048.jpg 1537w, http:\/\/sv-wandersleben.de\/wp-content\/uploads\/2024\/08\/Polish_20240808_161818794-900x1200.jpg 900w, http:\/\/sv-wandersleben.de\/wp-content\/uploads\/2024\/08\/Polish_20240808_161818794-1280x1706.jpg 1280w, http:\/\/sv-wandersleben.de\/wp-content\/uploads\/2024\/08\/Polish_20240808_161818794-scaled.jpg 1921w\" sizes=\"auto, (max-width: 768px) 100vw, 768px\" \/><\/figure>\n","protected":false},"excerpt":{"rendered":"<p>Mit viel Freude k\u00f6nnen wir von einem sehr sch\u00f6nen Erfolg von Winfried M\u00f6ller bei den Landeseinzelmeisterschaften der Senioren-Kegler in Kromsdorf berichten.\u00a0 Sein lang ersehntes Ziel, einmal die 600 Holz in einem Durchgang zu knacken, konnte er im 1. Durchgang mit 603 Holz genau zum richtigen Zeitpunkt erzielen. Im 2. Durchgang waren es dann noch einmal [&hellip;]<\/p>\n","protected":false},"author":1,"featured_media":0,"comment_status":"open","ping_status":"open","sticky":false,"template":"","format":"standard","meta":{"footnotes":""},"categories":[1],"tags":[],"class_list":["post-411","post","type-post","status-publish","format-standard","hentry","category-uncategorized"],"_links":{"self":[{"href":"http:\/\/sv-wandersleben.de\/index.php?rest_route=\/wp\/v2\/posts\/411","targetHints":{"allow":["GET"]}}],"collection":[{"href":"http:\/\/sv-wandersleben.de\/index.php?rest_route=\/wp\/v2\/posts"}],"about":[{"href":"http:\/\/sv-wandersleben.de\/index.php?rest_route=\/wp\/v2\/types\/post"}],"author":[{"embeddable":true,"href":"http:\/\/sv-wandersleben.de\/index.php?rest_route=\/wp\/v2\/users\/1"}],"replies":[{"embeddable":true,"href":"http:\/\/sv-wandersleben.de\/index.php?rest_route=%2Fwp%2Fv2%2Fcomments&post=411"}],"version-history":[{"count":1,"href":"http:\/\/sv-wandersleben.de\/index.php?rest_route=\/wp\/v2\/posts\/411\/revisions"}],"predecessor-version":[{"id":413,"href":"http:\/\/sv-wandersleben.de\/index.php?rest_route=\/wp\/v2\/posts\/411\/revisions\/413"}],"wp:attachment":[{"href":"http:\/\/sv-wandersleben.de\/index.php?rest_route=%2Fwp%2Fv2%2Fmedia&parent=411"}],"wp:term":[{"taxonomy":"category","embeddable":true,"href":"http:\/\/sv-wandersleben.de\/index.php?rest_route=%2Fwp%2Fv2%2Fcategories&post=411"},{"taxonomy":"post_tag","embeddable":true,"href":"http:\/\/sv-wandersleben.de\/index.php?rest_route=%2Fwp%2Fv2%2Ftags&post=411"}],"curies":[{"name":"wp","href":"https:\/\/api.w.org\/{rel}","templated":true}]}}