{"id":448,"date":"2024-12-18T12:52:19","date_gmt":"2024-12-18T12:52:19","guid":{"rendered":"https:\/\/sv-wandersleben.de\/?p=448"},"modified":"2024-12-18T12:52:19","modified_gmt":"2024-12-18T12:52:19","slug":"der-svw-laedt-ein-zur-langen-nacht-2024","status":"publish","type":"post","link":"http:\/\/sv-wandersleben.de\/?p=448","title":{"rendered":"Der SVW l\u00e4dt ein zur &#8222;Langen Nacht 2024&#8220;"},"content":{"rendered":"\n<p><strong>Save the Date  <\/strong>                                                                                                     Wann? Am 21.12.2024 ab 18Uhr                                                                          Wo? Im Sportlerheim Wandersleben<\/p>\n\n\n\n<figure class=\"wp-block-image size-large\"><img loading=\"lazy\" decoding=\"async\" width=\"1024\" height=\"678\" src=\"https:\/\/sv-wandersleben.de\/wp-content\/uploads\/2024\/12\/Screenshot_20241211_212429_WhatsAppBusiness-1024x678.jpg\" alt=\"\" class=\"wp-image-449\" srcset=\"http:\/\/sv-wandersleben.de\/wp-content\/uploads\/2024\/12\/Screenshot_20241211_212429_WhatsAppBusiness-1024x678.jpg 1024w, http:\/\/sv-wandersleben.de\/wp-content\/uploads\/2024\/12\/Screenshot_20241211_212429_WhatsAppBusiness-300x199.jpg 300w, http:\/\/sv-wandersleben.de\/wp-content\/uploads\/2024\/12\/Screenshot_20241211_212429_WhatsAppBusiness-768x508.jpg 768w, http:\/\/sv-wandersleben.de\/wp-content\/uploads\/2024\/12\/Screenshot_20241211_212429_WhatsAppBusiness-900x596.jpg 900w, http:\/\/sv-wandersleben.de\/wp-content\/uploads\/2024\/12\/Screenshot_20241211_212429_WhatsAppBusiness.jpg 1076w\" sizes=\"auto, (max-width: 1024px) 100vw, 1024px\" \/><\/figure>\n\n\n\n<p>Nice to Know: <\/p>\n\n\n\n<p>Die <strong>Lange Nacht<\/strong> ist ein Brauch, der oft mit der Wintersonnenwende oder den Rauhn\u00e4chten in Verbindung steht. Sie symbolisiert die l\u00e4ngste Nacht des Jahres und steht f\u00fcr den \u00dcbergang von Dunkelheit zu Licht. In vielen Kulturen wird sie mit Ritualen, Geschichten und gemeinschaftlichen Feiern begangen. Traditionen wie das Entz\u00fcnden von Kerzen oder Feuern sollen das Licht einladen und Hoffnung f\u00fcr das kommende Jahr bringen. Es ist eine Zeit der Besinnung, des Loslassens und der Vorbereitung auf einen Neubeginn.<\/p>\n\n\n\n<p>#SVWandersleben #SVW #Wintersonnenwende #LangeNacht #Gem\u00fctlicherAbend #WirFreuenUnsAufEuch<\/p>\n\n\n\n<p><\/p>\n","protected":false},"excerpt":{"rendered":"<p>Save the Date Wann? Am 21.12.2024 ab 18Uhr Wo? Im Sportlerheim Wandersleben Nice to Know: Die Lange Nacht ist ein Brauch, der oft mit der Wintersonnenwende oder den Rauhn\u00e4chten in Verbindung steht. Sie symbolisiert die l\u00e4ngste Nacht des Jahres und steht f\u00fcr den \u00dcbergang von Dunkelheit zu Licht. In vielen Kulturen wird sie mit Ritualen, [&hellip;]<\/p>\n","protected":false},"author":1,"featured_media":0,"comment_status":"open","ping_status":"open","sticky":false,"template":"","format":"standard","meta":{"footnotes":""},"categories":[1],"tags":[],"class_list":["post-448","post","type-post","status-publish","format-standard","hentry","category-uncategorized"],"_links":{"self":[{"href":"http:\/\/sv-wandersleben.de\/index.php?rest_route=\/wp\/v2\/posts\/448","targetHints":{"allow":["GET"]}}],"collection":[{"href":"http:\/\/sv-wandersleben.de\/index.php?rest_route=\/wp\/v2\/posts"}],"about":[{"href":"http:\/\/sv-wandersleben.de\/index.php?rest_route=\/wp\/v2\/types\/post"}],"author":[{"embeddable":true,"href":"http:\/\/sv-wandersleben.de\/index.php?rest_route=\/wp\/v2\/users\/1"}],"replies":[{"embeddable":true,"href":"http:\/\/sv-wandersleben.de\/index.php?rest_route=%2Fwp%2Fv2%2Fcomments&post=448"}],"version-history":[{"count":1,"href":"http:\/\/sv-wandersleben.de\/index.php?rest_route=\/wp\/v2\/posts\/448\/revisions"}],"predecessor-version":[{"id":450,"href":"http:\/\/sv-wandersleben.de\/index.php?rest_route=\/wp\/v2\/posts\/448\/revisions\/450"}],"wp:attachment":[{"href":"http:\/\/sv-wandersleben.de\/index.php?rest_route=%2Fwp%2Fv2%2Fmedia&parent=448"}],"wp:term":[{"taxonomy":"category","embeddable":true,"href":"http:\/\/sv-wandersleben.de\/index.php?rest_route=%2Fwp%2Fv2%2Fcategories&post=448"},{"taxonomy":"post_tag","embeddable":true,"href":"http:\/\/sv-wandersleben.de\/index.php?rest_route=%2Fwp%2Fv2%2Ftags&post=448"}],"curies":[{"name":"wp","href":"https:\/\/api.w.org\/{rel}","templated":true}]}}