{"id":539,"date":"2025-12-11T14:10:50","date_gmt":"2025-12-11T14:10:50","guid":{"rendered":"http:\/\/sv-wandersleben.de\/?p=539"},"modified":"2025-12-11T14:10:50","modified_gmt":"2025-12-11T14:10:50","slug":"der-svw-laedt-ein-zur-langen-nacht-2025","status":"publish","type":"post","link":"https:\/\/sv-wandersleben.de\/?p=539","title":{"rendered":"Der SVW l\u00e4dt ein zur \u201eLangen Nacht 2025\u201c"},"content":{"rendered":"\n<p><strong>Save the Date <\/strong>Wann? Am 21.12.2025 ab 18Uhr Wo? Im Sportlerheim Wandersleben<\/p>\n\n\n\n<figure class=\"wp-block-image size-large\"><img loading=\"lazy\" decoding=\"async\" width=\"1024\" height=\"725\" src=\"http:\/\/sv-wandersleben.de\/wp-content\/uploads\/2025\/12\/IMG-20251208-WA0001-1024x725.jpg\" alt=\"\" class=\"wp-image-538\" srcset=\"https:\/\/sv-wandersleben.de\/wp-content\/uploads\/2025\/12\/IMG-20251208-WA0001-1024x725.jpg 1024w, https:\/\/sv-wandersleben.de\/wp-content\/uploads\/2025\/12\/IMG-20251208-WA0001-300x212.jpg 300w, https:\/\/sv-wandersleben.de\/wp-content\/uploads\/2025\/12\/IMG-20251208-WA0001-768x544.jpg 768w, https:\/\/sv-wandersleben.de\/wp-content\/uploads\/2025\/12\/IMG-20251208-WA0001-900x637.jpg 900w, https:\/\/sv-wandersleben.de\/wp-content\/uploads\/2025\/12\/IMG-20251208-WA0001.jpg 1079w\" sizes=\"auto, (max-width: 1024px) 100vw, 1024px\" \/><\/figure>\n\n\n\n<p>Nice to Know:<\/p>\n\n\n\n<p>Die <strong>Lange Nacht<\/strong> ist ein Brauch, der oft mit der Wintersonnenwende oder den Rauhn\u00e4chten in Verbindung steht. Sie symbolisiert die l\u00e4ngste Nacht des Jahres und steht f\u00fcr den \u00dcbergang von Dunkelheit zu Licht. In vielen Kulturen wird sie mit Ritualen, Geschichten und gemeinschaftlichen Feiern begangen. Traditionen wie das Entz\u00fcnden von Kerzen oder Feuern sollen das Licht einladen und Hoffnung f\u00fcr das kommende Jahr bringen. Es ist eine Zeit der Besinnung, des Loslassens und der Vorbereitung auf einen Neubeginn.<\/p>\n\n\n\n<p>#SVWandersleben #SVW #Wintersonnenwende #LangeNacht #Gem\u00fctlicherAbend #WirFreuenUnsAufEuch<\/p>\n","protected":false},"excerpt":{"rendered":"<p>Save the Date Wann? Am 21.12.2025 ab 18Uhr Wo? Im Sportlerheim Wandersleben Nice to Know: Die Lange Nacht ist ein Brauch, der oft mit der Wintersonnenwende oder den Rauhn\u00e4chten in Verbindung steht. Sie symbolisiert die l\u00e4ngste Nacht des Jahres und steht f\u00fcr den \u00dcbergang von Dunkelheit zu Licht. In vielen Kulturen wird sie mit Ritualen, [&hellip;]<\/p>\n","protected":false},"author":1,"featured_media":0,"comment_status":"open","ping_status":"open","sticky":false,"template":"","format":"standard","meta":{"footnotes":""},"categories":[1],"tags":[],"class_list":["post-539","post","type-post","status-publish","format-standard","hentry","category-uncategorized"],"_links":{"self":[{"href":"https:\/\/sv-wandersleben.de\/index.php?rest_route=\/wp\/v2\/posts\/539","targetHints":{"allow":["GET"]}}],"collection":[{"href":"https:\/\/sv-wandersleben.de\/index.php?rest_route=\/wp\/v2\/posts"}],"about":[{"href":"https:\/\/sv-wandersleben.de\/index.php?rest_route=\/wp\/v2\/types\/post"}],"author":[{"embeddable":true,"href":"https:\/\/sv-wandersleben.de\/index.php?rest_route=\/wp\/v2\/users\/1"}],"replies":[{"embeddable":true,"href":"https:\/\/sv-wandersleben.de\/index.php?rest_route=%2Fwp%2Fv2%2Fcomments&post=539"}],"version-history":[{"count":1,"href":"https:\/\/sv-wandersleben.de\/index.php?rest_route=\/wp\/v2\/posts\/539\/revisions"}],"predecessor-version":[{"id":540,"href":"https:\/\/sv-wandersleben.de\/index.php?rest_route=\/wp\/v2\/posts\/539\/revisions\/540"}],"wp:attachment":[{"href":"https:\/\/sv-wandersleben.de\/index.php?rest_route=%2Fwp%2Fv2%2Fmedia&parent=539"}],"wp:term":[{"taxonomy":"category","embeddable":true,"href":"https:\/\/sv-wandersleben.de\/index.php?rest_route=%2Fwp%2Fv2%2Fcategories&post=539"},{"taxonomy":"post_tag","embeddable":true,"href":"https:\/\/sv-wandersleben.de\/index.php?rest_route=%2Fwp%2Fv2%2Ftags&post=539"}],"curies":[{"name":"wp","href":"https:\/\/api.w.org\/{rel}","templated":true}]}}