{"id":559,"date":"2026-03-16T16:32:13","date_gmt":"2026-03-16T16:32:13","guid":{"rendered":"http:\/\/sv-wandersleben.de\/?p=559"},"modified":"2026-03-16T16:32:13","modified_gmt":"2026-03-16T16:32:13","slug":"35-thueringer-boxmeisterschaft","status":"publish","type":"post","link":"https:\/\/sv-wandersleben.de\/?p=559","title":{"rendered":"35. Th\u00fcringer Boxmeisterschaft"},"content":{"rendered":"\n<figure class=\"wp-block-gallery has-nested-images columns-default is-cropped wp-block-gallery-1 is-layout-flex wp-block-gallery-is-layout-flex\">\n<figure class=\"wp-block-image size-large\"><img loading=\"lazy\" decoding=\"async\" width=\"707\" height=\"1024\" data-id=\"560\" src=\"http:\/\/sv-wandersleben.de\/wp-content\/uploads\/2026\/03\/IMG-20260314-WA0001-707x1024.jpg\" alt=\"\" class=\"wp-image-560\" srcset=\"https:\/\/sv-wandersleben.de\/wp-content\/uploads\/2026\/03\/IMG-20260314-WA0001-707x1024.jpg 707w, https:\/\/sv-wandersleben.de\/wp-content\/uploads\/2026\/03\/IMG-20260314-WA0001-207x300.jpg 207w, https:\/\/sv-wandersleben.de\/wp-content\/uploads\/2026\/03\/IMG-20260314-WA0001-768x1112.jpg 768w, https:\/\/sv-wandersleben.de\/wp-content\/uploads\/2026\/03\/IMG-20260314-WA0001-1061x1536.jpg 1061w, https:\/\/sv-wandersleben.de\/wp-content\/uploads\/2026\/03\/IMG-20260314-WA0001-900x1303.jpg 900w, https:\/\/sv-wandersleben.de\/wp-content\/uploads\/2026\/03\/IMG-20260314-WA0001.jpg 1113w\" sizes=\"auto, (max-width: 707px) 100vw, 707px\" \/><\/figure>\n\n\n\n<figure class=\"wp-block-image size-large\"><img loading=\"lazy\" decoding=\"async\" width=\"768\" height=\"1024\" data-id=\"563\" src=\"http:\/\/sv-wandersleben.de\/wp-content\/uploads\/2026\/03\/IMG-20260314-WA0004-768x1024.jpg\" alt=\"\" class=\"wp-image-563\" srcset=\"https:\/\/sv-wandersleben.de\/wp-content\/uploads\/2026\/03\/IMG-20260314-WA0004-768x1024.jpg 768w, https:\/\/sv-wandersleben.de\/wp-content\/uploads\/2026\/03\/IMG-20260314-WA0004-225x300.jpg 225w, https:\/\/sv-wandersleben.de\/wp-content\/uploads\/2026\/03\/IMG-20260314-WA0004-1152x1536.jpg 1152w, https:\/\/sv-wandersleben.de\/wp-content\/uploads\/2026\/03\/IMG-20260314-WA0004-900x1200.jpg 900w, https:\/\/sv-wandersleben.de\/wp-content\/uploads\/2026\/03\/IMG-20260314-WA0004-1280x1707.jpg 1280w, https:\/\/sv-wandersleben.de\/wp-content\/uploads\/2026\/03\/IMG-20260314-WA0004.jpg 1536w\" sizes=\"auto, (max-width: 768px) 100vw, 768px\" \/><\/figure>\n\n\n\n<figure class=\"wp-block-image size-large\"><img loading=\"lazy\" decoding=\"async\" width=\"768\" height=\"1024\" data-id=\"562\" src=\"http:\/\/sv-wandersleben.de\/wp-content\/uploads\/2026\/03\/IMG-20260314-WA0005-768x1024.jpg\" alt=\"\" class=\"wp-image-562\" srcset=\"https:\/\/sv-wandersleben.de\/wp-content\/uploads\/2026\/03\/IMG-20260314-WA0005-768x1024.jpg 768w, https:\/\/sv-wandersleben.de\/wp-content\/uploads\/2026\/03\/IMG-20260314-WA0005-225x300.jpg 225w, https:\/\/sv-wandersleben.de\/wp-content\/uploads\/2026\/03\/IMG-20260314-WA0005-1152x1536.jpg 1152w, https:\/\/sv-wandersleben.de\/wp-content\/uploads\/2026\/03\/IMG-20260314-WA0005-900x1200.jpg 900w, https:\/\/sv-wandersleben.de\/wp-content\/uploads\/2026\/03\/IMG-20260314-WA0005-1280x1707.jpg 1280w, https:\/\/sv-wandersleben.de\/wp-content\/uploads\/2026\/03\/IMG-20260314-WA0005.jpg 1536w\" sizes=\"auto, (max-width: 768px) 100vw, 768px\" \/><\/figure>\n\n\n\n<figure class=\"wp-block-image size-large\"><img loading=\"lazy\" decoding=\"async\" width=\"706\" height=\"1024\" data-id=\"561\" src=\"http:\/\/sv-wandersleben.de\/wp-content\/uploads\/2026\/03\/IMG-20260314-WA0002-706x1024.jpg\" alt=\"\" class=\"wp-image-561\" srcset=\"https:\/\/sv-wandersleben.de\/wp-content\/uploads\/2026\/03\/IMG-20260314-WA0002-706x1024.jpg 706w, https:\/\/sv-wandersleben.de\/wp-content\/uploads\/2026\/03\/IMG-20260314-WA0002-207x300.jpg 207w, https:\/\/sv-wandersleben.de\/wp-content\/uploads\/2026\/03\/IMG-20260314-WA0002-768x1114.jpg 768w, https:\/\/sv-wandersleben.de\/wp-content\/uploads\/2026\/03\/IMG-20260314-WA0002-900x1306.jpg 900w, https:\/\/sv-wandersleben.de\/wp-content\/uploads\/2026\/03\/IMG-20260314-WA0002.jpg 936w\" sizes=\"auto, (max-width: 706px) 100vw, 706px\" \/><\/figure>\n\n\n\n<figure class=\"wp-block-image size-large\"><img loading=\"lazy\" decoding=\"async\" width=\"768\" height=\"1024\" data-id=\"564\" src=\"http:\/\/sv-wandersleben.de\/wp-content\/uploads\/2026\/03\/IMG-20260314-WA0003-768x1024.jpg\" alt=\"\" class=\"wp-image-564\" srcset=\"https:\/\/sv-wandersleben.de\/wp-content\/uploads\/2026\/03\/IMG-20260314-WA0003-768x1024.jpg 768w, https:\/\/sv-wandersleben.de\/wp-content\/uploads\/2026\/03\/IMG-20260314-WA0003-225x300.jpg 225w, https:\/\/sv-wandersleben.de\/wp-content\/uploads\/2026\/03\/IMG-20260314-WA0003-1152x1536.jpg 1152w, https:\/\/sv-wandersleben.de\/wp-content\/uploads\/2026\/03\/IMG-20260314-WA0003-900x1200.jpg 900w, https:\/\/sv-wandersleben.de\/wp-content\/uploads\/2026\/03\/IMG-20260314-WA0003-1280x1707.jpg 1280w, https:\/\/sv-wandersleben.de\/wp-content\/uploads\/2026\/03\/IMG-20260314-WA0003.jpg 1536w\" sizes=\"auto, (max-width: 768px) 100vw, 768px\" \/><\/figure>\n<\/figure>\n\n\n\n<p>Zwei vielversprechende Boxtalente (Carl G\u00fcnther und Kalle Stecher) vom SVW zeigten am vergangenen Wochenende bei den 35. Th\u00fcringer Boxmeisterschaften ihr K\u00f6nnen und belohnten sich mit starken Leistungen am Ende mit jeweils dem 1. Platz in Ihrer Alters-\/Gewichtsklasse. Carl und Kalle \u00fcberzeugten mit gro\u00dfem Einsatz, technischem K\u00f6nnen und Kampfgeist im Ring. Die sehr guten Platzierungen zeigen, dass sich das harte Training auszahlt und wir hoffen in Zukunft noch viel von den beiden Talenten zu sehen. Wir freuen uns sehr, solche Talente im Verein zu haben und danken nat\u00fcrlich auch den beiden mitgereisten Trainern Oliver Stichling und Tony Hastolz. <\/p>\n","protected":false},"excerpt":{"rendered":"<p>Zwei vielversprechende Boxtalente (Carl G\u00fcnther und Kalle Stecher) vom SVW zeigten am vergangenen Wochenende bei den 35. Th\u00fcringer Boxmeisterschaften ihr K\u00f6nnen und belohnten sich mit starken Leistungen am Ende mit jeweils dem 1. Platz in Ihrer Alters-\/Gewichtsklasse. Carl und Kalle \u00fcberzeugten mit gro\u00dfem Einsatz, technischem K\u00f6nnen und Kampfgeist im Ring. Die sehr guten Platzierungen zeigen, [&hellip;]<\/p>\n","protected":false},"author":1,"featured_media":0,"comment_status":"open","ping_status":"open","sticky":false,"template":"","format":"standard","meta":{"footnotes":""},"categories":[1],"tags":[],"class_list":["post-559","post","type-post","status-publish","format-standard","hentry","category-uncategorized"],"_links":{"self":[{"href":"https:\/\/sv-wandersleben.de\/index.php?rest_route=\/wp\/v2\/posts\/559","targetHints":{"allow":["GET"]}}],"collection":[{"href":"https:\/\/sv-wandersleben.de\/index.php?rest_route=\/wp\/v2\/posts"}],"about":[{"href":"https:\/\/sv-wandersleben.de\/index.php?rest_route=\/wp\/v2\/types\/post"}],"author":[{"embeddable":true,"href":"https:\/\/sv-wandersleben.de\/index.php?rest_route=\/wp\/v2\/users\/1"}],"replies":[{"embeddable":true,"href":"https:\/\/sv-wandersleben.de\/index.php?rest_route=%2Fwp%2Fv2%2Fcomments&post=559"}],"version-history":[{"count":1,"href":"https:\/\/sv-wandersleben.de\/index.php?rest_route=\/wp\/v2\/posts\/559\/revisions"}],"predecessor-version":[{"id":565,"href":"https:\/\/sv-wandersleben.de\/index.php?rest_route=\/wp\/v2\/posts\/559\/revisions\/565"}],"wp:attachment":[{"href":"https:\/\/sv-wandersleben.de\/index.php?rest_route=%2Fwp%2Fv2%2Fmedia&parent=559"}],"wp:term":[{"taxonomy":"category","embeddable":true,"href":"https:\/\/sv-wandersleben.de\/index.php?rest_route=%2Fwp%2Fv2%2Fcategories&post=559"},{"taxonomy":"post_tag","embeddable":true,"href":"https:\/\/sv-wandersleben.de\/index.php?rest_route=%2Fwp%2Fv2%2Ftags&post=559"}],"curies":[{"name":"wp","href":"https:\/\/api.w.org\/{rel}","templated":true}]}}