{"id":574,"date":"2026-04-30T13:17:58","date_gmt":"2026-04-30T13:17:58","guid":{"rendered":"http:\/\/sv-wandersleben.de\/?p=574"},"modified":"2026-04-30T13:17:58","modified_gmt":"2026-04-30T13:17:58","slug":"svw-mitgliederversammlung-2026-vorstandswahl","status":"publish","type":"post","link":"https:\/\/sv-wandersleben.de\/?p=574","title":{"rendered":"SVW Mitgliederversammlung 2026 &#8211; Vorstandswahl"},"content":{"rendered":"\n<figure class=\"wp-block-gallery has-nested-images columns-default is-cropped wp-block-gallery-1 is-layout-flex wp-block-gallery-is-layout-flex\">\n<figure class=\"wp-block-image size-large\"><img loading=\"lazy\" decoding=\"async\" width=\"1024\" height=\"768\" data-id=\"573\" src=\"http:\/\/sv-wandersleben.de\/wp-content\/uploads\/2026\/04\/20260424_202354-1024x768.jpg\" alt=\"\" class=\"wp-image-573\" srcset=\"https:\/\/sv-wandersleben.de\/wp-content\/uploads\/2026\/04\/20260424_202354-1024x768.jpg 1024w, https:\/\/sv-wandersleben.de\/wp-content\/uploads\/2026\/04\/20260424_202354-300x225.jpg 300w, https:\/\/sv-wandersleben.de\/wp-content\/uploads\/2026\/04\/20260424_202354-768x576.jpg 768w, https:\/\/sv-wandersleben.de\/wp-content\/uploads\/2026\/04\/20260424_202354-1536x1152.jpg 1536w, https:\/\/sv-wandersleben.de\/wp-content\/uploads\/2026\/04\/20260424_202354-2048x1536.jpg 2048w, https:\/\/sv-wandersleben.de\/wp-content\/uploads\/2026\/04\/20260424_202354-900x675.jpg 900w, https:\/\/sv-wandersleben.de\/wp-content\/uploads\/2026\/04\/20260424_202354-1280x960.jpg 1280w\" sizes=\"auto, (max-width: 1024px) 100vw, 1024px\" \/><\/figure>\n\n\n\n<figure class=\"wp-block-image size-large\"><img loading=\"lazy\" decoding=\"async\" width=\"1024\" height=\"768\" data-id=\"571\" src=\"http:\/\/sv-wandersleben.de\/wp-content\/uploads\/2026\/04\/20260424_202958-1024x768.jpg\" alt=\"\" class=\"wp-image-571\" srcset=\"https:\/\/sv-wandersleben.de\/wp-content\/uploads\/2026\/04\/20260424_202958-1024x768.jpg 1024w, https:\/\/sv-wandersleben.de\/wp-content\/uploads\/2026\/04\/20260424_202958-300x225.jpg 300w, https:\/\/sv-wandersleben.de\/wp-content\/uploads\/2026\/04\/20260424_202958-768x576.jpg 768w, https:\/\/sv-wandersleben.de\/wp-content\/uploads\/2026\/04\/20260424_202958-1536x1152.jpg 1536w, https:\/\/sv-wandersleben.de\/wp-content\/uploads\/2026\/04\/20260424_202958-2048x1536.jpg 2048w, https:\/\/sv-wandersleben.de\/wp-content\/uploads\/2026\/04\/20260424_202958-900x675.jpg 900w, https:\/\/sv-wandersleben.de\/wp-content\/uploads\/2026\/04\/20260424_202958-1280x960.jpg 1280w\" sizes=\"auto, (max-width: 1024px) 100vw, 1024px\" \/><\/figure>\n\n\n\n<figure class=\"wp-block-image size-large\"><img loading=\"lazy\" decoding=\"async\" width=\"1024\" height=\"768\" data-id=\"572\" src=\"http:\/\/sv-wandersleben.de\/wp-content\/uploads\/2026\/04\/20260424_205945-1024x768.jpg\" alt=\"\" class=\"wp-image-572\" srcset=\"https:\/\/sv-wandersleben.de\/wp-content\/uploads\/2026\/04\/20260424_205945-1024x768.jpg 1024w, https:\/\/sv-wandersleben.de\/wp-content\/uploads\/2026\/04\/20260424_205945-300x225.jpg 300w, https:\/\/sv-wandersleben.de\/wp-content\/uploads\/2026\/04\/20260424_205945-768x576.jpg 768w, https:\/\/sv-wandersleben.de\/wp-content\/uploads\/2026\/04\/20260424_205945-1536x1152.jpg 1536w, https:\/\/sv-wandersleben.de\/wp-content\/uploads\/2026\/04\/20260424_205945-2048x1536.jpg 2048w, https:\/\/sv-wandersleben.de\/wp-content\/uploads\/2026\/04\/20260424_205945-900x675.jpg 900w, https:\/\/sv-wandersleben.de\/wp-content\/uploads\/2026\/04\/20260424_205945-1280x960.jpg 1280w\" sizes=\"auto, (max-width: 1024px) 100vw, 1024px\" \/><\/figure>\n<\/figure>\n\n\n\n<p>Am vergangenen Freitag (24.04.2026) fand unsere Mitgliederversammlung 2026 im Sportlerheim in Wandersleben statt. Neben den normalen Tagespunkten war dieses Jahr die Wahl des Vorstandes angesetzt und der neu gew\u00e4hlte Vorstand lautet wie folgt:<\/p>\n\n\n\n<p>1. Vorstand: &nbsp;&nbsp; Thomas Mey<\/p>\n\n\n\n<p>2. Vorstand:&nbsp;&nbsp;&nbsp;&nbsp; Katrin M\u00fcller-Lenz<\/p>\n\n\n\n<p>Kassenwart:&nbsp;&nbsp;&nbsp; Mandy Kurzer-M\u00f6ller<\/p>\n\n\n\n<p>Schriftf\u00fchrer:&nbsp;&nbsp; Natalia Zitzmann<\/p>\n\n\n\n<p>Jugendwart:&nbsp;&nbsp;&nbsp; Christian Edler<\/p>\n\n\n\n<p>Somit ist der alte Vorstand gleich der neue Vorstand. Wir w\u00fcnschen euch eine sch\u00f6ne Amtszeit mit guten Entscheidungen sowie viel Erfolg bei der Umsetzung der Ziele.<\/p>\n\n\n\n<p>#SVW #SVWandersleben #AlterVorstand #NeuerVorstand #VielErfolg<\/p>\n","protected":false},"excerpt":{"rendered":"<p>Am vergangenen Freitag (24.04.2026) fand unsere Mitgliederversammlung 2026 im Sportlerheim in Wandersleben statt. Neben den normalen Tagespunkten war dieses Jahr die Wahl des Vorstandes angesetzt und der neu gew\u00e4hlte Vorstand lautet wie folgt: 1. Vorstand: &nbsp;&nbsp; Thomas Mey 2. Vorstand:&nbsp;&nbsp;&nbsp;&nbsp; Katrin M\u00fcller-Lenz Kassenwart:&nbsp;&nbsp;&nbsp; Mandy Kurzer-M\u00f6ller Schriftf\u00fchrer:&nbsp;&nbsp; Natalia Zitzmann Jugendwart:&nbsp;&nbsp;&nbsp; Christian Edler Somit ist der alte [&hellip;]<\/p>\n","protected":false},"author":1,"featured_media":0,"comment_status":"open","ping_status":"open","sticky":false,"template":"","format":"standard","meta":{"footnotes":""},"categories":[1],"tags":[],"class_list":["post-574","post","type-post","status-publish","format-standard","hentry","category-uncategorized"],"_links":{"self":[{"href":"https:\/\/sv-wandersleben.de\/index.php?rest_route=\/wp\/v2\/posts\/574","targetHints":{"allow":["GET"]}}],"collection":[{"href":"https:\/\/sv-wandersleben.de\/index.php?rest_route=\/wp\/v2\/posts"}],"about":[{"href":"https:\/\/sv-wandersleben.de\/index.php?rest_route=\/wp\/v2\/types\/post"}],"author":[{"embeddable":true,"href":"https:\/\/sv-wandersleben.de\/index.php?rest_route=\/wp\/v2\/users\/1"}],"replies":[{"embeddable":true,"href":"https:\/\/sv-wandersleben.de\/index.php?rest_route=%2Fwp%2Fv2%2Fcomments&post=574"}],"version-history":[{"count":1,"href":"https:\/\/sv-wandersleben.de\/index.php?rest_route=\/wp\/v2\/posts\/574\/revisions"}],"predecessor-version":[{"id":575,"href":"https:\/\/sv-wandersleben.de\/index.php?rest_route=\/wp\/v2\/posts\/574\/revisions\/575"}],"wp:attachment":[{"href":"https:\/\/sv-wandersleben.de\/index.php?rest_route=%2Fwp%2Fv2%2Fmedia&parent=574"}],"wp:term":[{"taxonomy":"category","embeddable":true,"href":"https:\/\/sv-wandersleben.de\/index.php?rest_route=%2Fwp%2Fv2%2Fcategories&post=574"},{"taxonomy":"post_tag","embeddable":true,"href":"https:\/\/sv-wandersleben.de\/index.php?rest_route=%2Fwp%2Fv2%2Ftags&post=574"}],"curies":[{"name":"wp","href":"https:\/\/api.w.org\/{rel}","templated":true}]}}